{"id":2624,"date":"2016-03-20T16:01:07","date_gmt":"2016-03-20T19:01:07","guid":{"rendered":"http:\/\/www.lugarvazio.com.br\/blog\/?p=2624"},"modified":"2018-07-01T14:51:27","modified_gmt":"2018-07-01T17:51:27","slug":"apartamento-duplex-a-venda-na-barra-da-tijuca","status":"publish","type":"post","link":"https:\/\/www.lugarvazio.com.br\/blog\/utilidades\/apartamento-duplex-a-venda-na-barra-da-tijuca\/","title":{"rendered":"Apartamento Duplex a Venda na Barra da Tijuca"},"content":{"rendered":"<h2>VENDIDO &#8211; Apartamento duplex com vista para \u00e1rea verde, e com hidromassagem na varanda<\/h2>\n<p><img loading=\"lazy\" decoding=\"async\" class=\"aligncenter wp-image-2635 size-full\" src=\"http:\/\/www.lugarvazio.com.br\/img\/2016\/03\/planta_arquitetura_andar-1.jpg\" alt=\"Planta Primeiro Andar\" width=\"641\" height=\"479\" srcset=\"https:\/\/www.lugarvazio.com.br\/img\/2016\/03\/planta_arquitetura_andar-1.jpg 641w, https:\/\/www.lugarvazio.com.br\/img\/2016\/03\/planta_arquitetura_andar-1-80x60.jpg 80w, https:\/\/www.lugarvazio.com.br\/img\/2016\/03\/planta_arquitetura_andar-1-300x224.jpg 300w, https:\/\/www.lugarvazio.com.br\/img\/2016\/03\/planta_arquitetura_andar-1-290x217.jpg 290w, https:\/\/www.lugarvazio.com.br\/img\/2016\/03\/planta_arquitetura_andar-1-150x112.jpg 150w\" sizes=\"auto, (max-width: 641px) 100vw, 641px\" \/><\/p>\n<div id=\"attachment_2634\" style=\"width: 240px\" class=\"wp-caption alignright\"><img loading=\"lazy\" decoding=\"async\" aria-describedby=\"caption-attachment-2634\" class=\"size-full wp-image-2634\" src=\"http:\/\/www.lugarvazio.com.br\/img\/2016\/03\/planta_arquitetura_andar-2.jpg\" alt=\"Planta Segundo Andar\" width=\"230\" height=\"478\" srcset=\"https:\/\/www.lugarvazio.com.br\/img\/2016\/03\/planta_arquitetura_andar-2.jpg 230w, https:\/\/www.lugarvazio.com.br\/img\/2016\/03\/planta_arquitetura_andar-2-38x80.jpg 38w, https:\/\/www.lugarvazio.com.br\/img\/2016\/03\/planta_arquitetura_andar-2-72x150.jpg 72w\" sizes=\"auto, (max-width: 230px) 100vw, 230px\" \/><p id=\"caption-attachment-2634\" class=\"wp-caption-text\">Planta Segundo Andar<\/p><\/div>\n<p>Lindo apartamento de 4 quartos (3 dormit\u00f3rios e um escrit\u00f3rio) situado na Barra da Tijuca no Rio de Janeiro, no Condom\u00ednio Blue das Am\u00e9ricas, em frente \u00e1 Av. das Am\u00e9ricas, 12600.<\/p>\n<div id=\"attachment_2630\" style=\"width: 310px\" class=\"wp-caption alignnone\"><img loading=\"lazy\" decoding=\"async\" aria-describedby=\"caption-attachment-2630\" class=\"wp-image-2630 size-medium\" src=\"http:\/\/www.lugarvazio.com.br\/img\/2016\/03\/Varanda_Master-300x428.jpg\" alt=\"Varanda Su\u00edte Superior\" width=\"300\" height=\"428\" srcset=\"https:\/\/www.lugarvazio.com.br\/img\/2016\/03\/Varanda_Master-300x428.jpg 300w, https:\/\/www.lugarvazio.com.br\/img\/2016\/03\/Varanda_Master-56x80.jpg 56w, https:\/\/www.lugarvazio.com.br\/img\/2016\/03\/Varanda_Master-290x413.jpg 290w, https:\/\/www.lugarvazio.com.br\/img\/2016\/03\/Varanda_Master-105x150.jpg 105w, https:\/\/www.lugarvazio.com.br\/img\/2016\/03\/Varanda_Master.jpg 421w\" sizes=\"auto, (max-width: 300px) 100vw, 300px\" \/><p id=\"caption-attachment-2630\" class=\"wp-caption-text\">Varanda Su\u00edte Master<\/p><\/div>\n<p>&nbsp;<\/p>\n<p>Apartamento duplex diferenciado, com vista para uma APA (\u00c1rea de Preserva\u00e7\u00e3o Ambiental), para a reserva da Pedra Branca e a futura cidade ol\u00edmpica. O im\u00f3vel possui uma ampla sala de visitas e jantar conjugada, cozinha ampla montada com bancada de duas pias e \u00e1rea reservada para copa, \u00e1rea de servi\u00e7o com banheiro, ampla varanda com acesso \u00e1 sala e cozinha.<\/p>\n<p>&nbsp;<\/p>\n<div id=\"attachment_2628\" style=\"width: 310px\" class=\"wp-caption alignright\"><img loading=\"lazy\" decoding=\"async\" aria-describedby=\"caption-attachment-2628\" class=\"wp-image-2628 size-medium\" src=\"http:\/\/www.lugarvazio.com.br\/img\/2016\/03\/Varanda_1o_andar-300x219.jpg\" alt=\"varanda andar inferior\" width=\"300\" height=\"219\" srcset=\"https:\/\/www.lugarvazio.com.br\/img\/2016\/03\/Varanda_1o_andar-300x219.jpg 300w, https:\/\/www.lugarvazio.com.br\/img\/2016\/03\/Varanda_1o_andar-80x58.jpg 80w, https:\/\/www.lugarvazio.com.br\/img\/2016\/03\/Varanda_1o_andar-768x561.jpg 768w, https:\/\/www.lugarvazio.com.br\/img\/2016\/03\/Varanda_1o_andar-1024x748.jpg 1024w, https:\/\/www.lugarvazio.com.br\/img\/2016\/03\/Varanda_1o_andar-290x212.jpg 290w, https:\/\/www.lugarvazio.com.br\/img\/2016\/03\/Varanda_1o_andar-150x110.jpg 150w\" sizes=\"auto, (max-width: 300px) 100vw, 300px\" \/><p id=\"caption-attachment-2628\" class=\"wp-caption-text\">Varanda Primeiro Andar<\/p><\/div>\n<p>A \u00e1rea interna possui no pavimento inferior dois quartos (sendo uma su\u00edte com banheiro com duas pias e acesso \u00e0 varanda), um escrit\u00f3rio com bancada e estante montada e um banheiro social.<\/p>\n<p>&nbsp;<\/p>\n<p>O\u00a0pavimento superior oferece uma \u00e1rea para um pequeno escrit\u00f3rio (home station), uma su\u00edte master com arm\u00e1rios em formato de closet e banheiro com duas pias e uma varanda privativa com deck de madeira e banheira de hidromassagem. A \u00e1rea total do im\u00f3vel \u00e9 de 150 metros quadrados e possui uma vaga coberta.<\/p>\n<p>&nbsp;<\/p>\n<p>&nbsp;<\/p>\n<div id=\"attachment_2629\" style=\"width: 310px\" class=\"wp-caption alignleft\"><img loading=\"lazy\" decoding=\"async\" aria-describedby=\"caption-attachment-2629\" class=\"size-medium wp-image-2629\" src=\"http:\/\/www.lugarvazio.com.br\/img\/2016\/03\/Bloco-2-Land-300x224.jpg\" alt=\"Blue Land Bloco 2\" width=\"300\" height=\"224\" srcset=\"https:\/\/www.lugarvazio.com.br\/img\/2016\/03\/Bloco-2-Land-300x224.jpg 300w, https:\/\/www.lugarvazio.com.br\/img\/2016\/03\/Bloco-2-Land-80x60.jpg 80w, https:\/\/www.lugarvazio.com.br\/img\/2016\/03\/Bloco-2-Land-290x217.jpg 290w, https:\/\/www.lugarvazio.com.br\/img\/2016\/03\/Bloco-2-Land-150x112.jpg 150w, https:\/\/www.lugarvazio.com.br\/img\/2016\/03\/Bloco-2-Land.jpg 496w\" sizes=\"auto, (max-width: 300px) 100vw, 300px\" \/><p id=\"caption-attachment-2629\" class=\"wp-caption-text\">Blue Land &#8211; Bloco 2<\/p><\/div>\n<p>O condom\u00ednio Blue Land \u00e9 parte da associa\u00e7\u00e3o Blue das Am\u00e9ricas que oferece ainda a comodidade de ter um clube privativo (Beach Point) em frente ao mar no in\u00edcio da praia da reserva, na Av. L\u00facio Costa e com transporte (\u00f4nibus e balsa) regular.<\/p>\n<p>&nbsp;<\/p>\n<p>O im\u00f3vel est\u00e1 sendo oferecido pelo propriet\u00e1rio e qualquer informa\u00e7\u00e3o adicional deve ser obtida atrav\u00e9s do e-mail: <a href=\"mailto:lugarvazio@lugarvazio.com.br\">lugarvazio@lugarvazio.com.br<\/a><\/p>\n<div id=\"attachment_2631\" style=\"width: 310px\" class=\"wp-caption alignright\"><img loading=\"lazy\" decoding=\"async\" aria-describedby=\"caption-attachment-2631\" class=\"wp-image-2631 size-medium\" src=\"http:\/\/www.lugarvazio.com.br\/img\/2016\/03\/Beach-Point-300x201.jpg\" alt=\"Beach Point\" width=\"300\" height=\"201\" srcset=\"https:\/\/www.lugarvazio.com.br\/img\/2016\/03\/Beach-Point-300x201.jpg 300w, https:\/\/www.lugarvazio.com.br\/img\/2016\/03\/Beach-Point-80x54.jpg 80w, https:\/\/www.lugarvazio.com.br\/img\/2016\/03\/Beach-Point-290x194.jpg 290w, https:\/\/www.lugarvazio.com.br\/img\/2016\/03\/Beach-Point-150x100.jpg 150w, https:\/\/www.lugarvazio.com.br\/img\/2016\/03\/Beach-Point.jpg 580w\" sizes=\"auto, (max-width: 300px) 100vw, 300px\" \/><p id=\"caption-attachment-2631\" class=\"wp-caption-text\">Beach Point<\/p><\/div>\n<p>&nbsp;<\/p>\n<p>&nbsp;<\/p>\n","protected":false},"excerpt":{"rendered":"<p>Apartamento duplex com banheira de hidro na varanda e vista para \u00e1rea verde na Barra da Tijuca, Rio de Janeiro.<\/p>\n","protected":false},"author":1,"featured_media":2628,"comment_status":"closed","ping_status":"closed","sticky":false,"template":"","format":"standard","meta":{"ngg_post_thumbnail":0,"footnotes":""},"categories":[41],"tags":[141,56],"class_list":["post-2624","post","type-post","status-publish","format-standard","has-post-thumbnail","hentry","category-utilidades","tag-141","tag-rj"],"aioseo_notices":[],"aioseo_head":"\n\t\t<!-- All in One SEO 4.9.9 - aioseo.com -->\n\t<meta name=\"description\" content=\"Apartamento duplex com banheira de hidro na varanda e vista para \u00e1rea verde na Barra da Tijuca, Rio de Janeiro.\" \/>\n\t<meta name=\"robots\" content=\"max-image-preview:large\" \/>\n\t<meta name=\"author\" content=\"LugarV\"\/>\n\t<link rel=\"canonical\" href=\"https:\/\/www.lugarvazio.com.br\/blog\/utilidades\/apartamento-duplex-a-venda-na-barra-da-tijuca\/\" \/>\n\t<meta name=\"generator\" content=\"All in One SEO (AIOSEO) 4.9.9\" \/>\n\t\t<meta property=\"og:locale\" content=\"pt_BR\" \/>\n\t\t<meta property=\"og:site_name\" content=\"Lugar Vazio - Para simplificar a Web\" \/>\n\t\t<meta property=\"og:type\" content=\"article\" \/>\n\t\t<meta property=\"og:title\" content=\"Apartamento Duplex a Venda na Barra da Tijuca\" \/>\n\t\t<meta property=\"og:description\" content=\"Apartamento duplex com banheira de hidro na varanda e vista para \u00e1rea verde na Barra da Tijuca, Rio de Janeiro.\" \/>\n\t\t<meta property=\"og:url\" content=\"https:\/\/www.lugarvazio.com.br\/blog\/utilidades\/apartamento-duplex-a-venda-na-barra-da-tijuca\/\" \/>\n\t\t<meta property=\"og:image\" content=\"https:\/\/www.lugarvazio.com.br\/img\/2016\/03\/Varanda_1o_andar.jpg\" \/>\n\t\t<meta property=\"og:image:secure_url\" content=\"https:\/\/www.lugarvazio.com.br\/img\/2016\/03\/Varanda_1o_andar.jpg\" \/>\n\t\t<meta property=\"og:image:width\" content=\"2903\" \/>\n\t\t<meta property=\"og:image:height\" content=\"2120\" \/>\n\t\t<meta property=\"article:published_time\" content=\"2016-03-20T19:01:07+00:00\" \/>\n\t\t<meta property=\"article:modified_time\" content=\"2018-07-01T17:51:27+00:00\" \/>\n\t\t<meta name=\"twitter:card\" content=\"summary_large_image\" \/>\n\t\t<meta name=\"twitter:site\" content=\"@LVazio\" \/>\n\t\t<meta name=\"twitter:title\" content=\"Apartamento Duplex a Venda na Barra da Tijuca\" \/>\n\t\t<meta name=\"twitter:description\" content=\"Apartamento duplex com banheira de hidro na varanda e vista para \u00e1rea verde na Barra da Tijuca, Rio de Janeiro.\" \/>\n\t\t<meta name=\"twitter:image\" content=\"https:\/\/www.lugarvazio.com.br\/img\/2016\/03\/Varanda_1o_andar.jpg\" \/>\n\t\t<script type=\"application\/ld+json\" class=\"aioseo-schema\">\n\t\t\t{\"@context\":\"https:\\\/\\\/schema.org\",\"@graph\":[{\"@type\":\"BlogPosting\",\"@id\":\"https:\\\/\\\/www.lugarvazio.com.br\\\/blog\\\/utilidades\\\/apartamento-duplex-a-venda-na-barra-da-tijuca\\\/#blogposting\",\"name\":\"Apartamento Duplex a Venda na Barra da Tijuca\",\"headline\":\"Apartamento Duplex a Venda na Barra da Tijuca\",\"author\":{\"@id\":\"https:\\\/\\\/www.lugarvazio.com.br\\\/blog\\\/author\\\/sbribeiro\\\/#author\"},\"publisher\":{\"@id\":\"https:\\\/\\\/www.lugarvazio.com.br\\\/blog\\\/#organization\"},\"image\":{\"@type\":\"ImageObject\",\"url\":\"https:\\\/\\\/www.lugarvazio.com.br\\\/img\\\/2016\\\/03\\\/Varanda_1o_andar.jpg\",\"width\":2903,\"height\":2120,\"caption\":\"Varanda andar principal\"},\"datePublished\":\"2016-03-20T16:01:07-03:00\",\"dateModified\":\"2018-07-01T14:51:27-03:00\",\"inLanguage\":\"pt-BR\",\"mainEntityOfPage\":{\"@id\":\"https:\\\/\\\/www.lugarvazio.com.br\\\/blog\\\/utilidades\\\/apartamento-duplex-a-venda-na-barra-da-tijuca\\\/#webpage\"},\"isPartOf\":{\"@id\":\"https:\\\/\\\/www.lugarvazio.com.br\\\/blog\\\/utilidades\\\/apartamento-duplex-a-venda-na-barra-da-tijuca\\\/#webpage\"},\"articleSection\":\"UTILIDADES, 2016, RJ\"},{\"@type\":\"BreadcrumbList\",\"@id\":\"https:\\\/\\\/www.lugarvazio.com.br\\\/blog\\\/utilidades\\\/apartamento-duplex-a-venda-na-barra-da-tijuca\\\/#breadcrumblist\",\"itemListElement\":[{\"@type\":\"ListItem\",\"@id\":\"https:\\\/\\\/www.lugarvazio.com.br\\\/blog#listItem\",\"position\":1,\"name\":\"In\\u00edcio\",\"item\":\"https:\\\/\\\/www.lugarvazio.com.br\\\/blog\",\"nextItem\":{\"@type\":\"ListItem\",\"@id\":\"https:\\\/\\\/www.lugarvazio.com.br\\\/blog\\\/cat\\\/utilidades\\\/#listItem\",\"name\":\"UTILIDADES\"}},{\"@type\":\"ListItem\",\"@id\":\"https:\\\/\\\/www.lugarvazio.com.br\\\/blog\\\/cat\\\/utilidades\\\/#listItem\",\"position\":2,\"name\":\"UTILIDADES\",\"item\":\"https:\\\/\\\/www.lugarvazio.com.br\\\/blog\\\/cat\\\/utilidades\\\/\",\"nextItem\":{\"@type\":\"ListItem\",\"@id\":\"https:\\\/\\\/www.lugarvazio.com.br\\\/blog\\\/utilidades\\\/apartamento-duplex-a-venda-na-barra-da-tijuca\\\/#listItem\",\"name\":\"Apartamento Duplex a Venda na Barra da Tijuca\"},\"previousItem\":{\"@type\":\"ListItem\",\"@id\":\"https:\\\/\\\/www.lugarvazio.com.br\\\/blog#listItem\",\"name\":\"In\\u00edcio\"}},{\"@type\":\"ListItem\",\"@id\":\"https:\\\/\\\/www.lugarvazio.com.br\\\/blog\\\/utilidades\\\/apartamento-duplex-a-venda-na-barra-da-tijuca\\\/#listItem\",\"position\":3,\"name\":\"Apartamento Duplex a Venda na Barra da Tijuca\",\"previousItem\":{\"@type\":\"ListItem\",\"@id\":\"https:\\\/\\\/www.lugarvazio.com.br\\\/blog\\\/cat\\\/utilidades\\\/#listItem\",\"name\":\"UTILIDADES\"}}]},{\"@type\":\"Organization\",\"@id\":\"https:\\\/\\\/www.lugarvazio.com.br\\\/blog\\\/#organization\",\"name\":\"Lugar Vazio\",\"description\":\"Para simplificar a Web\",\"url\":\"https:\\\/\\\/www.lugarvazio.com.br\\\/blog\\\/\",\"logo\":{\"@type\":\"ImageObject\",\"url\":\"https:\\\/\\\/www.lugarvazio.com.br\\\/img\\\/2016\\\/09\\\/logo_lugar.png\",\"@id\":\"https:\\\/\\\/www.lugarvazio.com.br\\\/blog\\\/utilidades\\\/apartamento-duplex-a-venda-na-barra-da-tijuca\\\/#organizationLogo\",\"width\":216,\"height\":110,\"caption\":\"Logo Lugar Vazio\"},\"image\":{\"@id\":\"https:\\\/\\\/www.lugarvazio.com.br\\\/blog\\\/utilidades\\\/apartamento-duplex-a-venda-na-barra-da-tijuca\\\/#organizationLogo\"}},{\"@type\":\"Person\",\"@id\":\"https:\\\/\\\/www.lugarvazio.com.br\\\/blog\\\/author\\\/sbribeiro\\\/#author\",\"url\":\"https:\\\/\\\/www.lugarvazio.com.br\\\/blog\\\/author\\\/sbribeiro\\\/\",\"name\":\"LugarV\",\"image\":{\"@type\":\"ImageObject\",\"@id\":\"https:\\\/\\\/www.lugarvazio.com.br\\\/blog\\\/utilidades\\\/apartamento-duplex-a-venda-na-barra-da-tijuca\\\/#authorImage\",\"url\":\"https:\\\/\\\/secure.gravatar.com\\\/avatar\\\/91e0756f35c1a919629682d1f18e2d757d74df5590de53f60cb54c6fde877c63?s=96&d=mm&r=g\",\"width\":96,\"height\":96,\"caption\":\"LugarV\"}},{\"@type\":\"WebPage\",\"@id\":\"https:\\\/\\\/www.lugarvazio.com.br\\\/blog\\\/utilidades\\\/apartamento-duplex-a-venda-na-barra-da-tijuca\\\/#webpage\",\"url\":\"https:\\\/\\\/www.lugarvazio.com.br\\\/blog\\\/utilidades\\\/apartamento-duplex-a-venda-na-barra-da-tijuca\\\/\",\"name\":\"Apartamento Duplex a Venda na Barra da Tijuca\",\"description\":\"Apartamento duplex com banheira de hidro na varanda e vista para \\u00e1rea verde na Barra da Tijuca, Rio de Janeiro.\",\"inLanguage\":\"pt-BR\",\"isPartOf\":{\"@id\":\"https:\\\/\\\/www.lugarvazio.com.br\\\/blog\\\/#website\"},\"breadcrumb\":{\"@id\":\"https:\\\/\\\/www.lugarvazio.com.br\\\/blog\\\/utilidades\\\/apartamento-duplex-a-venda-na-barra-da-tijuca\\\/#breadcrumblist\"},\"author\":{\"@id\":\"https:\\\/\\\/www.lugarvazio.com.br\\\/blog\\\/author\\\/sbribeiro\\\/#author\"},\"creator\":{\"@id\":\"https:\\\/\\\/www.lugarvazio.com.br\\\/blog\\\/author\\\/sbribeiro\\\/#author\"},\"image\":{\"@type\":\"ImageObject\",\"url\":\"https:\\\/\\\/www.lugarvazio.com.br\\\/img\\\/2016\\\/03\\\/Varanda_1o_andar.jpg\",\"@id\":\"https:\\\/\\\/www.lugarvazio.com.br\\\/blog\\\/utilidades\\\/apartamento-duplex-a-venda-na-barra-da-tijuca\\\/#mainImage\",\"width\":2903,\"height\":2120,\"caption\":\"Varanda andar principal\"},\"primaryImageOfPage\":{\"@id\":\"https:\\\/\\\/www.lugarvazio.com.br\\\/blog\\\/utilidades\\\/apartamento-duplex-a-venda-na-barra-da-tijuca\\\/#mainImage\"},\"datePublished\":\"2016-03-20T16:01:07-03:00\",\"dateModified\":\"2018-07-01T14:51:27-03:00\"},{\"@type\":\"WebSite\",\"@id\":\"https:\\\/\\\/www.lugarvazio.com.br\\\/blog\\\/#website\",\"url\":\"https:\\\/\\\/www.lugarvazio.com.br\\\/blog\\\/\",\"name\":\"Lugar Vazio\",\"description\":\"Para simplificar a Web\",\"inLanguage\":\"pt-BR\",\"publisher\":{\"@id\":\"https:\\\/\\\/www.lugarvazio.com.br\\\/blog\\\/#organization\"}}]}\n\t\t<\/script>\n\t\t<!-- All in One SEO -->\n\n","aioseo_head_json":{"title":"Apartamento Duplex a Venda na Barra da Tijuca","description":"Apartamento duplex com banheira de hidro na varanda e vista para \u00e1rea verde na Barra da Tijuca, Rio de Janeiro.","canonical_url":"https:\/\/www.lugarvazio.com.br\/blog\/utilidades\/apartamento-duplex-a-venda-na-barra-da-tijuca\/","robots":"max-image-preview:large","keywords":"","webmasterTools":{"miscellaneous":""},"schema":{"@context":"https:\/\/schema.org","@graph":[{"@type":"BlogPosting","@id":"https:\/\/www.lugarvazio.com.br\/blog\/utilidades\/apartamento-duplex-a-venda-na-barra-da-tijuca\/#blogposting","name":"Apartamento Duplex a Venda na Barra da Tijuca","headline":"Apartamento Duplex a Venda na Barra da Tijuca","author":{"@id":"https:\/\/www.lugarvazio.com.br\/blog\/author\/sbribeiro\/#author"},"publisher":{"@id":"https:\/\/www.lugarvazio.com.br\/blog\/#organization"},"image":{"@type":"ImageObject","url":"https:\/\/www.lugarvazio.com.br\/img\/2016\/03\/Varanda_1o_andar.jpg","width":2903,"height":2120,"caption":"Varanda andar principal"},"datePublished":"2016-03-20T16:01:07-03:00","dateModified":"2018-07-01T14:51:27-03:00","inLanguage":"pt-BR","mainEntityOfPage":{"@id":"https:\/\/www.lugarvazio.com.br\/blog\/utilidades\/apartamento-duplex-a-venda-na-barra-da-tijuca\/#webpage"},"isPartOf":{"@id":"https:\/\/www.lugarvazio.com.br\/blog\/utilidades\/apartamento-duplex-a-venda-na-barra-da-tijuca\/#webpage"},"articleSection":"UTILIDADES, 2016, RJ"},{"@type":"BreadcrumbList","@id":"https:\/\/www.lugarvazio.com.br\/blog\/utilidades\/apartamento-duplex-a-venda-na-barra-da-tijuca\/#breadcrumblist","itemListElement":[{"@type":"ListItem","@id":"https:\/\/www.lugarvazio.com.br\/blog#listItem","position":1,"name":"In\u00edcio","item":"https:\/\/www.lugarvazio.com.br\/blog","nextItem":{"@type":"ListItem","@id":"https:\/\/www.lugarvazio.com.br\/blog\/cat\/utilidades\/#listItem","name":"UTILIDADES"}},{"@type":"ListItem","@id":"https:\/\/www.lugarvazio.com.br\/blog\/cat\/utilidades\/#listItem","position":2,"name":"UTILIDADES","item":"https:\/\/www.lugarvazio.com.br\/blog\/cat\/utilidades\/","nextItem":{"@type":"ListItem","@id":"https:\/\/www.lugarvazio.com.br\/blog\/utilidades\/apartamento-duplex-a-venda-na-barra-da-tijuca\/#listItem","name":"Apartamento Duplex a Venda na Barra da Tijuca"},"previousItem":{"@type":"ListItem","@id":"https:\/\/www.lugarvazio.com.br\/blog#listItem","name":"In\u00edcio"}},{"@type":"ListItem","@id":"https:\/\/www.lugarvazio.com.br\/blog\/utilidades\/apartamento-duplex-a-venda-na-barra-da-tijuca\/#listItem","position":3,"name":"Apartamento Duplex a Venda na Barra da Tijuca","previousItem":{"@type":"ListItem","@id":"https:\/\/www.lugarvazio.com.br\/blog\/cat\/utilidades\/#listItem","name":"UTILIDADES"}}]},{"@type":"Organization","@id":"https:\/\/www.lugarvazio.com.br\/blog\/#organization","name":"Lugar Vazio","description":"Para simplificar a Web","url":"https:\/\/www.lugarvazio.com.br\/blog\/","logo":{"@type":"ImageObject","url":"https:\/\/www.lugarvazio.com.br\/img\/2016\/09\/logo_lugar.png","@id":"https:\/\/www.lugarvazio.com.br\/blog\/utilidades\/apartamento-duplex-a-venda-na-barra-da-tijuca\/#organizationLogo","width":216,"height":110,"caption":"Logo Lugar Vazio"},"image":{"@id":"https:\/\/www.lugarvazio.com.br\/blog\/utilidades\/apartamento-duplex-a-venda-na-barra-da-tijuca\/#organizationLogo"}},{"@type":"Person","@id":"https:\/\/www.lugarvazio.com.br\/blog\/author\/sbribeiro\/#author","url":"https:\/\/www.lugarvazio.com.br\/blog\/author\/sbribeiro\/","name":"LugarV","image":{"@type":"ImageObject","@id":"https:\/\/www.lugarvazio.com.br\/blog\/utilidades\/apartamento-duplex-a-venda-na-barra-da-tijuca\/#authorImage","url":"https:\/\/secure.gravatar.com\/avatar\/91e0756f35c1a919629682d1f18e2d757d74df5590de53f60cb54c6fde877c63?s=96&d=mm&r=g","width":96,"height":96,"caption":"LugarV"}},{"@type":"WebPage","@id":"https:\/\/www.lugarvazio.com.br\/blog\/utilidades\/apartamento-duplex-a-venda-na-barra-da-tijuca\/#webpage","url":"https:\/\/www.lugarvazio.com.br\/blog\/utilidades\/apartamento-duplex-a-venda-na-barra-da-tijuca\/","name":"Apartamento Duplex a Venda na Barra da Tijuca","description":"Apartamento duplex com banheira de hidro na varanda e vista para \u00e1rea verde na Barra da Tijuca, Rio de Janeiro.","inLanguage":"pt-BR","isPartOf":{"@id":"https:\/\/www.lugarvazio.com.br\/blog\/#website"},"breadcrumb":{"@id":"https:\/\/www.lugarvazio.com.br\/blog\/utilidades\/apartamento-duplex-a-venda-na-barra-da-tijuca\/#breadcrumblist"},"author":{"@id":"https:\/\/www.lugarvazio.com.br\/blog\/author\/sbribeiro\/#author"},"creator":{"@id":"https:\/\/www.lugarvazio.com.br\/blog\/author\/sbribeiro\/#author"},"image":{"@type":"ImageObject","url":"https:\/\/www.lugarvazio.com.br\/img\/2016\/03\/Varanda_1o_andar.jpg","@id":"https:\/\/www.lugarvazio.com.br\/blog\/utilidades\/apartamento-duplex-a-venda-na-barra-da-tijuca\/#mainImage","width":2903,"height":2120,"caption":"Varanda andar principal"},"primaryImageOfPage":{"@id":"https:\/\/www.lugarvazio.com.br\/blog\/utilidades\/apartamento-duplex-a-venda-na-barra-da-tijuca\/#mainImage"},"datePublished":"2016-03-20T16:01:07-03:00","dateModified":"2018-07-01T14:51:27-03:00"},{"@type":"WebSite","@id":"https:\/\/www.lugarvazio.com.br\/blog\/#website","url":"https:\/\/www.lugarvazio.com.br\/blog\/","name":"Lugar Vazio","description":"Para simplificar a Web","inLanguage":"pt-BR","publisher":{"@id":"https:\/\/www.lugarvazio.com.br\/blog\/#organization"}}]},"og:locale":"pt_BR","og:site_name":"Lugar Vazio - Para simplificar a Web","og:type":"article","og:title":"Apartamento Duplex a Venda na Barra da Tijuca","og:description":"Apartamento duplex com banheira de hidro na varanda e vista para \u00e1rea verde na Barra da Tijuca, Rio de Janeiro.","og:url":"https:\/\/www.lugarvazio.com.br\/blog\/utilidades\/apartamento-duplex-a-venda-na-barra-da-tijuca\/","og:image":"https:\/\/www.lugarvazio.com.br\/img\/2016\/03\/Varanda_1o_andar.jpg","og:image:secure_url":"https:\/\/www.lugarvazio.com.br\/img\/2016\/03\/Varanda_1o_andar.jpg","og:image:width":2903,"og:image:height":2120,"article:published_time":"2016-03-20T19:01:07+00:00","article:modified_time":"2018-07-01T17:51:27+00:00","twitter:card":"summary_large_image","twitter:site":"@LVazio","twitter:title":"Apartamento Duplex a Venda na Barra da Tijuca","twitter:description":"Apartamento duplex com banheira de hidro na varanda e vista para \u00e1rea verde na Barra da Tijuca, Rio de Janeiro.","twitter:image":"https:\/\/www.lugarvazio.com.br\/img\/2016\/03\/Varanda_1o_andar.jpg"},"aioseo_meta_data":{"post_id":"2624","title":null,"description":null,"keywords":null,"keyphrases":null,"primary_term":null,"canonical_url":null,"og_title":null,"og_description":null,"og_object_type":"default","og_image_type":"default","og_image_url":null,"og_image_width":null,"og_image_height":null,"og_image_custom_url":null,"og_image_custom_fields":null,"og_video":null,"og_custom_url":null,"og_article_section":null,"og_article_tags":null,"twitter_use_og":false,"twitter_card":"default","twitter_image_type":"default","twitter_image_url":null,"twitter_image_custom_url":null,"twitter_image_custom_fields":null,"twitter_title":null,"twitter_description":null,"schema":{"blockGraphs":[],"customGraphs":[],"default":{"data":{"Article":[],"Course":[],"Dataset":[],"FAQPage":[],"Movie":[],"Person":[],"Product":[],"ProductReview":[],"Car":[],"Recipe":[],"Service":[],"SoftwareApplication":[],"WebPage":[]},"graphName":"BlogPosting","isEnabled":true},"graphs":[]},"schema_type":"default","schema_type_options":null,"pillar_content":false,"robots_default":true,"robots_noindex":false,"robots_noarchive":false,"robots_nosnippet":false,"robots_nofollow":false,"robots_noimageindex":false,"robots_noodp":false,"robots_notranslate":false,"robots_max_snippet":null,"robots_max_videopreview":null,"robots_max_imagepreview":"large","priority":null,"frequency":null,"local_seo":null,"breadcrumb_settings":null,"limit_modified_date":false,"ai":null,"created":"2022-06-06 04:27:03","updated":"2026-04-04 23:34:21","seo_analyzer_scan_date":null},"aioseo_breadcrumb":"<div class=\"aioseo-breadcrumbs\"><span class=\"aioseo-breadcrumb\">\n\t\t\t<a href=\"https:\/\/www.lugarvazio.com.br\/blog\" title=\"In\u00edcio\">In\u00edcio<\/a>\n\t\t<\/span><span class=\"aioseo-breadcrumb-separator\">&raquo;<\/span><span class=\"aioseo-breadcrumb\">\n\t\t\t<a href=\"https:\/\/www.lugarvazio.com.br\/blog\/cat\/utilidades\/\" title=\"UTILIDADES\">UTILIDADES<\/a>\n\t\t<\/span><span class=\"aioseo-breadcrumb-separator\">&raquo;<\/span><span class=\"aioseo-breadcrumb\">\n\t\t\tApartamento Duplex a Venda na Barra da Tijuca\n\t\t<\/span><\/div>","aioseo_breadcrumb_json":[{"label":"In\u00edcio","link":"https:\/\/www.lugarvazio.com.br\/blog"},{"label":"UTILIDADES","link":"https:\/\/www.lugarvazio.com.br\/blog\/cat\/utilidades\/"},{"label":"Apartamento Duplex a Venda na Barra da Tijuca","link":"https:\/\/www.lugarvazio.com.br\/blog\/utilidades\/apartamento-duplex-a-venda-na-barra-da-tijuca\/"}],"_links":{"self":[{"href":"https:\/\/www.lugarvazio.com.br\/blog\/wp-json\/wp\/v2\/posts\/2624","targetHints":{"allow":["GET"]}}],"collection":[{"href":"https:\/\/www.lugarvazio.com.br\/blog\/wp-json\/wp\/v2\/posts"}],"about":[{"href":"https:\/\/www.lugarvazio.com.br\/blog\/wp-json\/wp\/v2\/types\/post"}],"author":[{"embeddable":true,"href":"https:\/\/www.lugarvazio.com.br\/blog\/wp-json\/wp\/v2\/users\/1"}],"replies":[{"embeddable":true,"href":"https:\/\/www.lugarvazio.com.br\/blog\/wp-json\/wp\/v2\/comments?post=2624"}],"version-history":[{"count":0,"href":"https:\/\/www.lugarvazio.com.br\/blog\/wp-json\/wp\/v2\/posts\/2624\/revisions"}],"wp:featuredmedia":[{"embeddable":true,"href":"https:\/\/www.lugarvazio.com.br\/blog\/wp-json\/wp\/v2\/media\/2628"}],"wp:attachment":[{"href":"https:\/\/www.lugarvazio.com.br\/blog\/wp-json\/wp\/v2\/media?parent=2624"}],"wp:term":[{"taxonomy":"category","embeddable":true,"href":"https:\/\/www.lugarvazio.com.br\/blog\/wp-json\/wp\/v2\/categories?post=2624"},{"taxonomy":"post_tag","embeddable":true,"href":"https:\/\/www.lugarvazio.com.br\/blog\/wp-json\/wp\/v2\/tags?post=2624"}],"curies":[{"name":"wp","href":"https:\/\/api.w.org\/{rel}","templated":true}]}}